{"id":8538,"date":"2017-05-25T12:41:09","date_gmt":"2017-05-25T10:41:09","guid":{"rendered":"http:\/\/brittas-kochbuch.info\/?p=8538"},"modified":"2017-05-25T12:41:09","modified_gmt":"2017-05-25T10:41:09","slug":"flammkuchen-mit-gruenem-spargel","status":"publish","type":"post","link":"https:\/\/brittas-kochbuch.info\/?p=8538","title":{"rendered":"Flammkuchen mit gr\u00fcnem Spargel"},"content":{"rendered":"<p><a href=\"https:\/\/brittas-kochbuch.info\/wp-content\/uploads\/2017\/05\/170509_flammkuchen03.jpg\"><img loading=\"lazy\" decoding=\"async\" class=\"aligncenter wp-image-8481\" src=\"https:\/\/brittas-kochbuch.info\/wp-content\/uploads\/2017\/05\/170509_flammkuchen03-768x1024.jpg\" alt=\"\" width=\"416\" height=\"555\" srcset=\"https:\/\/brittas-kochbuch.info\/wp-content\/uploads\/2017\/05\/170509_flammkuchen03-768x1024.jpg 768w, https:\/\/brittas-kochbuch.info\/wp-content\/uploads\/2017\/05\/170509_flammkuchen03-225x300.jpg 225w, https:\/\/brittas-kochbuch.info\/wp-content\/uploads\/2017\/05\/170509_flammkuchen03-624x832.jpg 624w\" sizes=\"(max-width: 416px) 100vw, 416px\" \/><\/a><\/p>\n<p>Ein bisschen <em>Irrungen und Wirrungen<\/em> stecken in diesem Flammkuchen schon. Ich hatte von dem <a href=\"https:\/\/brittas-kochbuch.info\/?p=8467\">gr\u00fcnen Spargel mit Salzzitrone<\/a> noch einen Rest gebratenen Spargel \u00fcbrig, au\u00dferdem war mir der Teig <a href=\"https:\/\/brittas-kochbuch.info\/?p=7645\">dieses Brotes<\/a> so ph\u00e4nomenal aufgegangen, dass ich ihn \u00fcber dem Rand des G\u00e4rk\u00f6rbchens glatt abschnitt und f\u00fcr meine spontane Flammkuchenidee zur Seite legte. Dass ich vergessen hatte, den Teig noch mal ordentlich zu bemehlen und ich nach dem Backen m\u00fchsam das Brot viertelweise aus dem Topf schneiden musste, ist eine andere Geschichte.<\/p>\n<p><a href=\"https:\/\/brittas-kochbuch.info\/wp-content\/uploads\/2017\/05\/170509_flammkuchen01.jpg\"><img loading=\"lazy\" decoding=\"async\" class=\"alignleft wp-image-8482\" src=\"https:\/\/brittas-kochbuch.info\/wp-content\/uploads\/2017\/05\/170509_flammkuchen01-1024x768.jpg\" alt=\"\" width=\"250\" height=\"188\" srcset=\"https:\/\/brittas-kochbuch.info\/wp-content\/uploads\/2017\/05\/170509_flammkuchen01-1024x768.jpg 1024w, https:\/\/brittas-kochbuch.info\/wp-content\/uploads\/2017\/05\/170509_flammkuchen01-300x225.jpg 300w, https:\/\/brittas-kochbuch.info\/wp-content\/uploads\/2017\/05\/170509_flammkuchen01-768x576.jpg 768w, https:\/\/brittas-kochbuch.info\/wp-content\/uploads\/2017\/05\/170509_flammkuchen01-624x468.jpg 624w\" sizes=\"(max-width: 250px) 100vw, 250px\" \/><\/a><\/p>\n<p>Jedenfalls gab ich zu diesem noch mal \u00fcber Nacht aufgegangenen Teig ein weiteres Mal\u00a0etwas Roggenmehl dazu, weil er doch sehr klebrig war. Daraus formte ich einen d\u00fcnnen Fladen, wie man ihn von einem Flammkuchen eben kennt.<\/p>\n<p>&nbsp;<\/p>\n<p>&nbsp;<\/p>\n<p><a href=\"https:\/\/brittas-kochbuch.info\/wp-content\/uploads\/2017\/05\/170509_flammkuchen02.jpg\"><img loading=\"lazy\" decoding=\"async\" class=\"alignleft wp-image-8491\" src=\"https:\/\/brittas-kochbuch.info\/wp-content\/uploads\/2017\/05\/170509_flammkuchen02-1024x768.jpg\" alt=\"\" width=\"250\" height=\"188\" srcset=\"https:\/\/brittas-kochbuch.info\/wp-content\/uploads\/2017\/05\/170509_flammkuchen02-1024x768.jpg 1024w, https:\/\/brittas-kochbuch.info\/wp-content\/uploads\/2017\/05\/170509_flammkuchen02-300x225.jpg 300w, https:\/\/brittas-kochbuch.info\/wp-content\/uploads\/2017\/05\/170509_flammkuchen02-768x576.jpg 768w, https:\/\/brittas-kochbuch.info\/wp-content\/uploads\/2017\/05\/170509_flammkuchen02-624x468.jpg 624w\" sizes=\"(max-width: 250px) 100vw, 250px\" \/><\/a><\/p>\n<p>Die Ofentemperatur stellte ich wie beim <a href=\"https:\/\/brittas-kochbuch.info\/?p=7780\">Pizzateig<\/a>, n\u00e4mlich 250 \u00b0C Ober-\/Unterhitze, ein und war wenigstens noch so schlau, den Fladen vorzubacken, vermutlich viel zu kurz, weil der belegte und weitergebackene Fladen wirklich nicht wirklich knusprig war und in der Mitte eher noch eine rohe Anmutung hatte.<\/p>\n<p>&nbsp;<\/p>\n<p>Belegt habe ich das ganze mit einer Mischung aus Saurer Sahne (Rest von diesen <a href=\"https:\/\/brittas-kochbuch.info\/?p=8450\">Keksen<\/a>) und Feta, darauf kamen die Spargelstangen und dann kam der Fladen\u00a0f\u00fcr 10 Minuten in den Backofen.<\/p>\n<p>Vor dem Servieren habe ich mit einem Sparsch\u00e4ler noch Parmesan dr\u00fcber gehobelt.<\/p>\n<p>Im Prinzip war die Idee gut. Das n\u00e4chste Mal werde ich den Teigfladen auf jeden Fall l\u00e4nger vorbacken.<\/p>\n","protected":false},"excerpt":{"rendered":"<p>Ein bisschen Irrungen und Wirrungen stecken in diesem Flammkuchen schon. Ich hatte von dem gr\u00fcnen Spargel mit Salzzitrone noch einen Rest gebratenen Spargel \u00fcbrig, au\u00dferdem war mir der Teig dieses Brotes so ph\u00e4nomenal aufgegangen, dass ich ihn \u00fcber dem Rand des G\u00e4rk\u00f6rbchens glatt abschnitt und f\u00fcr meine spontane Flammkuchenidee zur Seite legte. Dass ich vergessen [&hellip;]<\/p>\n","protected":false},"author":1,"featured_media":0,"comment_status":"open","ping_status":"open","sticky":false,"template":"","format":"standard","meta":{"sfsi_plus_gutenberg_text_before_share":"","sfsi_plus_gutenberg_show_text_before_share":"","sfsi_plus_gutenberg_icon_type":"","sfsi_plus_gutenberg_icon_alignemt":"","sfsi_plus_gutenburg_max_per_row":"","_jetpack_memberships_contains_paid_content":false,"footnotes":""},"categories":[628,65,47,90,122,417,9],"tags":[418,1707,307,369,25],"class_list":["post-8538","post","type-post","status-publish","format-standard","hentry","category-brot-broetchen-und-herzhaftes-gebaeck","category-irrungen-und-wirrungen","category-mein-rezept","category-obst-und-gemuse","category-resteverwertung","category-schnelle-kueche","category-vegetarisches","tag-feta","tag-flammkuchen","tag-gruener-spargel","tag-saure-sahne","tag-vegetarisch"],"jetpack_featured_media_url":"","jetpack_sharing_enabled":true,"_links":{"self":[{"href":"https:\/\/brittas-kochbuch.info\/index.php?rest_route=\/wp\/v2\/posts\/8538"}],"collection":[{"href":"https:\/\/brittas-kochbuch.info\/index.php?rest_route=\/wp\/v2\/posts"}],"about":[{"href":"https:\/\/brittas-kochbuch.info\/index.php?rest_route=\/wp\/v2\/types\/post"}],"author":[{"embeddable":true,"href":"https:\/\/brittas-kochbuch.info\/index.php?rest_route=\/wp\/v2\/users\/1"}],"replies":[{"embeddable":true,"href":"https:\/\/brittas-kochbuch.info\/index.php?rest_route=%2Fwp%2Fv2%2Fcomments&post=8538"}],"version-history":[{"count":5,"href":"https:\/\/brittas-kochbuch.info\/index.php?rest_route=\/wp\/v2\/posts\/8538\/revisions"}],"predecessor-version":[{"id":8543,"href":"https:\/\/brittas-kochbuch.info\/index.php?rest_route=\/wp\/v2\/posts\/8538\/revisions\/8543"}],"wp:attachment":[{"href":"https:\/\/brittas-kochbuch.info\/index.php?rest_route=%2Fwp%2Fv2%2Fmedia&parent=8538"}],"wp:term":[{"taxonomy":"category","embeddable":true,"href":"https:\/\/brittas-kochbuch.info\/index.php?rest_route=%2Fwp%2Fv2%2Fcategories&post=8538"},{"taxonomy":"post_tag","embeddable":true,"href":"https:\/\/brittas-kochbuch.info\/index.php?rest_route=%2Fwp%2Fv2%2Ftags&post=8538"}],"curies":[{"name":"wp","href":"https:\/\/api.w.org\/{rel}","templated":true}]}}