{"id":8636,"date":"2017-06-10T09:18:38","date_gmt":"2017-06-10T07:18:38","guid":{"rendered":"http:\/\/brittas-kochbuch.info\/?p=8636"},"modified":"2017-07-06T10:58:22","modified_gmt":"2017-07-06T08:58:22","slug":"gruener-ofenspargel-mit-ei-und-sahne","status":"publish","type":"post","link":"https:\/\/brittas-kochbuch.info\/?p=8636","title":{"rendered":"Nachgekocht: Gr\u00fcner Ofenspargel mit Ei und Sahne"},"content":{"rendered":"<p><img loading=\"lazy\" decoding=\"async\" class=\"aligncenter wp-image-8640\" src=\"https:\/\/brittas-kochbuch.info\/wp-content\/uploads\/2017\/06\/170529_ofenspargelmitei-1024x768.jpg\" alt=\"\" width=\"555\" height=\"416\" srcset=\"https:\/\/brittas-kochbuch.info\/wp-content\/uploads\/2017\/06\/170529_ofenspargelmitei-1024x768.jpg 1024w, https:\/\/brittas-kochbuch.info\/wp-content\/uploads\/2017\/06\/170529_ofenspargelmitei-300x225.jpg 300w, https:\/\/brittas-kochbuch.info\/wp-content\/uploads\/2017\/06\/170529_ofenspargelmitei-768x576.jpg 768w, https:\/\/brittas-kochbuch.info\/wp-content\/uploads\/2017\/06\/170529_ofenspargelmitei-624x468.jpg 624w\" sizes=\"(max-width: 555px) 100vw, 555px\" \/><\/p>\n<p>Total &#8222;unterspargelt&#8220; f\u00fchlte sich Susanne von <a href=\"https:\/\/magentratzerl.net\" target=\"_blank\" rel=\"noopener\">Magentratzerl<\/a> Ende Mai und mir erging es nicht viel anders.<\/p>\n<p>Um das zu \u00e4ndern gab es bei ihr dann <a href=\"https:\/\/magentratzerl.net\/2017\/05\/23\/ofenspargel-mit-ei-und-sahne\/\" target=\"_blank\" rel=\"noopener\">Ofenspargel mit Ei und Sahne<\/a>. Das klang so lecker, dass ich es direkt mal nachkochen musste. Spargel hatte ich ja noch gen\u00fcgend von den <a href=\"https:\/\/brittas-kochbuch.info\/?p=8621\">Maischollenr\u00f6llchen<\/a> \u00fcbrig, Ei und Sahne waren auch im Haus, nur den von Susanne verwendeten Estragon hatte ich nicht und konnte ihn auch nirgends auftreiben. Da ich aber sowieso nicht so ganz genau wei\u00df, wie er schmeckt habe ich nichts vermisst. Ich habe mir zum Schluss noch ein paar Parmesansp\u00e4ne \u00fcbers Gericht geg\u00f6nnt.<\/p>\n<p>Auch, wenn Ihr \u00fcber den Link auf Susannes Rezept zugreifen k\u00f6nnt, schreibe ich es hier auch noch mal mit meinen kleinen \u00c4nderungen auf:<\/p>\n<p><!--more--><\/p>\n<p><u>Zutaten f\u00fcr 1 Person ohne weitere Beilagen oder f\u00fcr 2 als Vorspeise oder Beilage zum Hauptgericht:<\/u><\/p>\n<ul>\n<li>250 g gr\u00fcner Spargel<\/li>\n<li>125 ml Sahne<\/li>\n<li>eine kleine Handvoll Estragon (<em>ich<\/em> hatte keinen &#8211; nicht mal getrockneten oder TK-Ware &#8211; bekommen und habe verzichtet)<\/li>\n<li>1\/2 TL Dijonsenf<\/li>\n<li>Salz, Pfeffer aus der M\u00fchle<\/li>\n<li>2 Eier (Gr\u00f6\u00dfe L) &#8211; (<em>ich<\/em> hatte mit einem Ei genug; kocht man f\u00fcr 2 nimmt man nat\u00fcrlich 2 Eier)<\/li>\n<li>Parmesansp\u00e4ne &#8211; <em>mein<\/em> kleines Extra<\/li>\n<\/ul>\n<p><u>Zubereitung:<\/u><\/p>\n<p>Ofen auf 180 \u00b0C Ober- und Unterhitze vorheizen.<\/p>\n<p>Vom Spargel die holzigen Enden abbrechen. Die Spitzen abschneiden. Den Rest mit einem Sparsch\u00e4ler in d\u00fcnne, lange Streifen schneiden. Zwei kleine Auflauff\u00f6rmchen (meine hatten 14 cm Durchmesser) mit den Spargelstreifen auslegen, die Spitzen des Spargels auf den Streifen verteilen.<\/p>\n<p>Die Sahne mit Senf, Salz und Pfeffer verr\u00fchren. Estragon zupfen, die Bl\u00e4ttchen hacken und ebenfalls zur Sahne geben. Gut die H\u00e4lfte der Mischung \u00fcber den Spargel geben.<\/p>\n<p>Jeweils eine Mulde in den Spargel machen, die Eier aufschlagen und vorsichtig in die Mulden gleiten lassen. Die restliche Sahnemischung \u00fcber die Eiwei\u00dfe geben.<\/p>\n<p>Alles im hei\u00dfen Ofen ca. 10 bis 14 min backen, bis die Eier die gew\u00fcnschte Konsistenz haben.<\/p>\n<p>Das war wirklich traumhaft lecker und super schnell gemacht!<a href=\"https:\/\/brittas-kochbuch.info\/wp-content\/uploads\/2017\/06\/170529_ofenspargelmitei2.jpg\"><img loading=\"lazy\" decoding=\"async\" class=\"aligncenter wp-image-8639\" src=\"https:\/\/brittas-kochbuch.info\/wp-content\/uploads\/2017\/06\/170529_ofenspargelmitei2-1024x768.jpg\" alt=\"\" width=\"555\" height=\"416\" srcset=\"https:\/\/brittas-kochbuch.info\/wp-content\/uploads\/2017\/06\/170529_ofenspargelmitei2-1024x768.jpg 1024w, https:\/\/brittas-kochbuch.info\/wp-content\/uploads\/2017\/06\/170529_ofenspargelmitei2-300x225.jpg 300w, https:\/\/brittas-kochbuch.info\/wp-content\/uploads\/2017\/06\/170529_ofenspargelmitei2-768x576.jpg 768w, https:\/\/brittas-kochbuch.info\/wp-content\/uploads\/2017\/06\/170529_ofenspargelmitei2-624x468.jpg 624w\" sizes=\"(max-width: 555px) 100vw, 555px\" \/><\/a><\/p>\n<p>PS: Ich wei\u00df ja nicht, wie es Susanne geht, aber ich bin definitiv immer noch unterspargelt und das kurz vor Ende der Saison (24. Juni &#8211; Johannistag).<\/p>\n<p>Der G\u00f6Ga hat Urlaub und ist von Spargel nicht so zu begeistern wie ich. Ich glaube, ich werde mir noch ein paar Vorr\u00e4te zum Einfrieren anlegen, damit ich die Saison ein bisschen verl\u00e4ngern kann.<\/p>\n<p>&nbsp;<\/p>\n<p>&nbsp;<\/p>\n","protected":false},"excerpt":{"rendered":"<p>Total &#8222;unterspargelt&#8220; f\u00fchlte sich Susanne von Magentratzerl Ende Mai und mir erging es nicht viel anders. Um das zu \u00e4ndern gab es bei ihr dann Ofenspargel mit Ei und Sahne. Das klang so lecker, dass ich es direkt mal nachkochen musste. Spargel hatte ich ja noch gen\u00fcgend von den Maischollenr\u00f6llchen \u00fcbrig, Ei und Sahne waren [&hellip;]<\/p>\n","protected":false},"author":1,"featured_media":0,"comment_status":"open","ping_status":"open","sticky":false,"template":"","format":"standard","meta":{"sfsi_plus_gutenberg_text_before_share":"","sfsi_plus_gutenberg_show_text_before_share":"","sfsi_plus_gutenberg_icon_type":"","sfsi_plus_gutenberg_icon_alignemt":"","sfsi_plus_gutenburg_max_per_row":"","_jetpack_memberships_contains_paid_content":false,"footnotes":""},"categories":[710,90,417,9],"tags":[299,307,356,541,25],"class_list":["post-8636","post","type-post","status-publish","format-standard","hentry","category-nachgekocht","category-obst-und-gemuse","category-schnelle-kueche","category-vegetarisches","tag-ei","tag-gruener-spargel","tag-parmesan","tag-sahne","tag-vegetarisch"],"jetpack_featured_media_url":"","jetpack_sharing_enabled":true,"_links":{"self":[{"href":"https:\/\/brittas-kochbuch.info\/index.php?rest_route=\/wp\/v2\/posts\/8636"}],"collection":[{"href":"https:\/\/brittas-kochbuch.info\/index.php?rest_route=\/wp\/v2\/posts"}],"about":[{"href":"https:\/\/brittas-kochbuch.info\/index.php?rest_route=\/wp\/v2\/types\/post"}],"author":[{"embeddable":true,"href":"https:\/\/brittas-kochbuch.info\/index.php?rest_route=\/wp\/v2\/users\/1"}],"replies":[{"embeddable":true,"href":"https:\/\/brittas-kochbuch.info\/index.php?rest_route=%2Fwp%2Fv2%2Fcomments&post=8636"}],"version-history":[{"count":7,"href":"https:\/\/brittas-kochbuch.info\/index.php?rest_route=\/wp\/v2\/posts\/8636\/revisions"}],"predecessor-version":[{"id":8855,"href":"https:\/\/brittas-kochbuch.info\/index.php?rest_route=\/wp\/v2\/posts\/8636\/revisions\/8855"}],"wp:attachment":[{"href":"https:\/\/brittas-kochbuch.info\/index.php?rest_route=%2Fwp%2Fv2%2Fmedia&parent=8636"}],"wp:term":[{"taxonomy":"category","embeddable":true,"href":"https:\/\/brittas-kochbuch.info\/index.php?rest_route=%2Fwp%2Fv2%2Fcategories&post=8636"},{"taxonomy":"post_tag","embeddable":true,"href":"https:\/\/brittas-kochbuch.info\/index.php?rest_route=%2Fwp%2Fv2%2Ftags&post=8636"}],"curies":[{"name":"wp","href":"https:\/\/api.w.org\/{rel}","templated":true}]}}