{"id":8858,"date":"2017-07-07T10:52:29","date_gmt":"2017-07-07T08:52:29","guid":{"rendered":"http:\/\/brittas-kochbuch.info\/?p=8858"},"modified":"2017-07-07T10:52:29","modified_gmt":"2017-07-07T08:52:29","slug":"mit-einem-blick-in-die-vergangenheit-geht-es-vorwaerts-in-den-juli","status":"publish","type":"post","link":"https:\/\/brittas-kochbuch.info\/?p=8858","title":{"rendered":"Mit einem Blick in die Vergangenheit geht es vorw\u00e4rts in den Juli"},"content":{"rendered":"<p><img loading=\"lazy\" decoding=\"async\" class=\"aligncenter size-large wp-image-8848\" src=\"https:\/\/brittas-kochbuch.info\/wp-content\/uploads\/2017\/07\/Juli17_kalenderblatt-1015x1024.jpg\" alt=\"\" width=\"625\" height=\"631\" srcset=\"https:\/\/brittas-kochbuch.info\/wp-content\/uploads\/2017\/07\/Juli17_kalenderblatt-1015x1024.jpg 1015w, https:\/\/brittas-kochbuch.info\/wp-content\/uploads\/2017\/07\/Juli17_kalenderblatt-150x150.jpg 150w, https:\/\/brittas-kochbuch.info\/wp-content\/uploads\/2017\/07\/Juli17_kalenderblatt-297x300.jpg 297w, https:\/\/brittas-kochbuch.info\/wp-content\/uploads\/2017\/07\/Juli17_kalenderblatt-768x775.jpg 768w, https:\/\/brittas-kochbuch.info\/wp-content\/uploads\/2017\/07\/Juli17_kalenderblatt-624x630.jpg 624w\" sizes=\"(max-width: 625px) 100vw, 625px\" \/>Das Bild aus dem Soest-Kalender des Sch\u00fclerprojekts <a href=\"http:\/\/www.alde-sign.de\" target=\"_blank\" rel=\"noopener\">Aldesign<\/a> des Aldegrevergymnasiums finde ich sehr bemerkenswert. Die Villa Jakobi beherbergt heute eine Steuerberatungskanzlei und war fr\u00fcher Teil des Kleinbahnhofs von dem der sogenannte Pengel-Anton (eine dampflokbetriebene Kleinbahn) in Richtung Sauerland fuhr. Heute ist die ehemalige Kleinbahnstrecke weitestgehend ein <a href=\"https:\/\/www.outdooractive.com\/de\/radtour\/sauerland\/pengel-anton-radweg\/4143080\/\" target=\"_blank\" rel=\"noopener\">Radweg<\/a>, der von Soest bis Brilon f\u00fchrt.<\/p>\n<p>Im Garten tut sich noch nicht viel mehr als im Juni, da es Ende Juni\/Anfang Juli ziemlich k\u00fchl und regnerisch war.<\/p>\n<p>Ich gehe gleich aber mal mit der Kamera raus und gucke, ob ich Euch ein bisschen was zeigen kann.<\/p>\n<p><!--more--><\/p>\n<p>Meine Aussage, dass sich im Garten nichts tue, war schlichtweg falsch. Durch das feuchtwarme Wetter der letzten Tage haben sich die Hochbeete in kleine Dschungel verwandelt, durch die ich jetzt am Wochenende wirklich mal durch muss. Stichwort: Unkraut und so!<\/p>\n<p><img loading=\"lazy\" decoding=\"async\" class=\"alignleft wp-image-8866\" src=\"https:\/\/brittas-kochbuch.info\/wp-content\/uploads\/2017\/07\/1707_garten09-768x1024.jpg\" alt=\"\" width=\"255\" height=\"341\" srcset=\"https:\/\/brittas-kochbuch.info\/wp-content\/uploads\/2017\/07\/1707_garten09-768x1024.jpg 768w, https:\/\/brittas-kochbuch.info\/wp-content\/uploads\/2017\/07\/1707_garten09-225x300.jpg 225w, https:\/\/brittas-kochbuch.info\/wp-content\/uploads\/2017\/07\/1707_garten09-624x832.jpg 624w\" sizes=\"(max-width: 255px) 100vw, 255px\" \/><\/p>\n<p>&nbsp;<\/p>\n<p>Von der Haustreppe geht der Blick nach rechts \u00fcber das inzwischen sehr \u00fcppige Rosenbeet. Zwischen Bodendeckerrosen, Lavendel und Gilbweiderich passt fast kein Unkr\u00e4utchen mehr. Der Rindenmulch tut sein \u00fcbriges.<\/p>\n<p>&nbsp;<\/p>\n<p>&nbsp;<\/p>\n<p>&nbsp;<\/p>\n<p>&nbsp;<\/p>\n<p><img loading=\"lazy\" decoding=\"async\" class=\"wp-image-8865 alignleft\" src=\"https:\/\/brittas-kochbuch.info\/wp-content\/uploads\/2017\/07\/1707_garten010-768x1024.jpg\" alt=\"\" width=\"250\" height=\"333\" srcset=\"https:\/\/brittas-kochbuch.info\/wp-content\/uploads\/2017\/07\/1707_garten010-768x1024.jpg 768w, https:\/\/brittas-kochbuch.info\/wp-content\/uploads\/2017\/07\/1707_garten010-225x300.jpg 225w, https:\/\/brittas-kochbuch.info\/wp-content\/uploads\/2017\/07\/1707_garten010-624x832.jpg 624w\" sizes=\"(max-width: 250px) 100vw, 250px\" \/><\/p>\n<p>&nbsp;<\/p>\n<p>Seit letzter Woche bl\u00fcht auch die mehrj\u00e4hrige Sonnenblumenstaude (vorne) und die Hundsrose (hinten) legt auch noch mal kr\u00e4ftig nach mit Bl\u00fcten. Ich bin mal gespannt, ob ich im Herbst Hagebutten ernten kann.<\/p>\n<p>&nbsp;<\/p>\n<p>&nbsp;<\/p>\n<p>&nbsp;<\/p>\n<p>&nbsp;<\/p>\n<p><img loading=\"lazy\" decoding=\"async\" class=\"alignleft wp-image-8867\" src=\"https:\/\/brittas-kochbuch.info\/wp-content\/uploads\/2017\/07\/1707_garten08-768x1024.jpg\" alt=\"\" width=\"250\" height=\"333\" srcset=\"https:\/\/brittas-kochbuch.info\/wp-content\/uploads\/2017\/07\/1707_garten08-768x1024.jpg 768w, https:\/\/brittas-kochbuch.info\/wp-content\/uploads\/2017\/07\/1707_garten08-225x300.jpg 225w, https:\/\/brittas-kochbuch.info\/wp-content\/uploads\/2017\/07\/1707_garten08-624x832.jpg 624w\" sizes=\"(max-width: 250px) 100vw, 250px\" \/><\/p>\n<p>&nbsp;<\/p>\n<p>Auf dem Weg hinters Haus stelle ich mit Freuden fest, dass die Hortensie, die im April ordentlich Frost abbekommen hat, doch langsam ans Bl\u00fchen kommt.<\/p>\n<p>&nbsp;<\/p>\n<p>&nbsp;<\/p>\n<p>&nbsp;<\/p>\n<p>&nbsp;<\/p>\n<p>&nbsp;<\/p>\n<p><img loading=\"lazy\" decoding=\"async\" class=\"wp-image-8868 alignleft\" src=\"https:\/\/brittas-kochbuch.info\/wp-content\/uploads\/2017\/07\/1707_garten07-768x1024.jpg\" alt=\"\" width=\"250\" height=\"333\" srcset=\"https:\/\/brittas-kochbuch.info\/wp-content\/uploads\/2017\/07\/1707_garten07-768x1024.jpg 768w, https:\/\/brittas-kochbuch.info\/wp-content\/uploads\/2017\/07\/1707_garten07-225x300.jpg 225w, https:\/\/brittas-kochbuch.info\/wp-content\/uploads\/2017\/07\/1707_garten07-624x832.jpg 624w\" sizes=\"(max-width: 250px) 100vw, 250px\" \/><\/p>\n<p>&nbsp;<\/p>\n<p>Ebenfalls seit letzter Woche bl\u00fcht auch die Buddleja. Jetzt werden sicher die Schmetterlinge nicht lange auf sich warten lassen.<\/p>\n<p>Wie man hier sieht, ist inzwischen auch der L\u00f6wenzahn sowie der Klee wieder ins Kraut geschossen.<\/p>\n<p>Das liegt daran, dass wir im Prinzip \u00fcberhaupt keinen Rasen mehr haben, sondern gr\u00fcnen Wildwuchs aus eben L\u00f6wenzahn, Klee, Moos, ein paar Disteln und sonstigem Kraut.<\/p>\n<p>&nbsp;<\/p>\n<p><img loading=\"lazy\" decoding=\"async\" class=\"alignleft wp-image-8869\" src=\"https:\/\/brittas-kochbuch.info\/wp-content\/uploads\/2017\/07\/1707_garten06-1024x768.jpg\" alt=\"\" width=\"250\" height=\"188\" srcset=\"https:\/\/brittas-kochbuch.info\/wp-content\/uploads\/2017\/07\/1707_garten06-1024x768.jpg 1024w, https:\/\/brittas-kochbuch.info\/wp-content\/uploads\/2017\/07\/1707_garten06-300x225.jpg 300w, https:\/\/brittas-kochbuch.info\/wp-content\/uploads\/2017\/07\/1707_garten06-768x576.jpg 768w, https:\/\/brittas-kochbuch.info\/wp-content\/uploads\/2017\/07\/1707_garten06-624x468.jpg 624w\" sizes=\"(max-width: 250px) 100vw, 250px\" \/><\/p>\n<p>Kommen wir nun in den Obst- und Gem\u00fcseteil des Gartens. Das eine wuchert wie nix Gutes, aber die Zucchini, mit der ich letztes Jahr so viel Gl\u00fcck hatte (also mit den letztj\u00e4hrigen Pflanzen), will \u00fcberhaupt nicht in die Puschen kommen.<\/p>\n<p>Bl\u00fcten sind da, aber keine Fruchtans\u00e4tze und die Bl\u00e4tter sind auch viel kleiner als bei den letztj\u00e4hrigen Pflanzen. Schade!<\/p>\n<p>&nbsp;<\/p>\n<p><img loading=\"lazy\" decoding=\"async\" class=\"alignleft wp-image-8862\" src=\"https:\/\/brittas-kochbuch.info\/wp-content\/uploads\/2017\/07\/1707_garten01-1024x768.jpg\" alt=\"\" width=\"250\" height=\"188\" srcset=\"https:\/\/brittas-kochbuch.info\/wp-content\/uploads\/2017\/07\/1707_garten01-1024x768.jpg 1024w, https:\/\/brittas-kochbuch.info\/wp-content\/uploads\/2017\/07\/1707_garten01-300x225.jpg 300w, https:\/\/brittas-kochbuch.info\/wp-content\/uploads\/2017\/07\/1707_garten01-768x576.jpg 768w, https:\/\/brittas-kochbuch.info\/wp-content\/uploads\/2017\/07\/1707_garten01-624x468.jpg 624w\" sizes=\"(max-width: 250px) 100vw, 250px\" \/><\/p>\n<p>Daf\u00fcr \u00fcberwuchern die Kartoffelbl\u00e4tter im &#8222;alten&#8220; Hochbeet wirklich alles. Links vorne steht noch eine S\u00fc\u00dfkartoffel, ferner zwei Pfl\u00fccksalate, eine Paprika und eine Chili, die alle unter dem Blattwerk fast verschwinden. Ich glaube, ich werde es einfach mal etwas zur\u00fcckschneiden, damit der Rest wieder Luft und Sonne bekommt.<\/p>\n<p>&nbsp;<\/p>\n<p><img loading=\"lazy\" decoding=\"async\" class=\"alignleft wp-image-8872\" src=\"https:\/\/brittas-kochbuch.info\/wp-content\/uploads\/2017\/07\/1707_garten03-768x1024.jpg\" alt=\"\" width=\"250\" height=\"333\" srcset=\"https:\/\/brittas-kochbuch.info\/wp-content\/uploads\/2017\/07\/1707_garten03-768x1024.jpg 768w, https:\/\/brittas-kochbuch.info\/wp-content\/uploads\/2017\/07\/1707_garten03-225x300.jpg 225w, https:\/\/brittas-kochbuch.info\/wp-content\/uploads\/2017\/07\/1707_garten03-624x832.jpg 624w\" sizes=\"(max-width: 250px) 100vw, 250px\" \/><\/p>\n<p>&nbsp;<\/p>\n<p>In einem der dieses Jahr neu angelegten Hochbeete geht es ebenfalls ab wie die Luzie:<\/p>\n<p>Links wuchert die Himbeere vor sich hin, ebenfalls haben die Einlege- und Minigurken einen ordentlichen Schub getan. Von beiden Sorten konnte ich auch schon ernten.<\/p>\n<p>Daf\u00fcr mickern die glatte Petersilie und der Dill weiter vor sich hin. Ich werde wohl auch ein paar Gurkenbl\u00e4tter wegschneiden m\u00fcssen, damit wieder mehr Luft und Sonne an die kleineren Pflanzen kommen.<\/p>\n<p>&nbsp;<\/p>\n<p><img loading=\"lazy\" decoding=\"async\" class=\" wp-image-8873 alignleft\" src=\"https:\/\/brittas-kochbuch.info\/wp-content\/uploads\/2017\/07\/1707_garten02-768x1024.jpg\" alt=\"\" width=\"250\" height=\"333\" srcset=\"https:\/\/brittas-kochbuch.info\/wp-content\/uploads\/2017\/07\/1707_garten02-768x1024.jpg 768w, https:\/\/brittas-kochbuch.info\/wp-content\/uploads\/2017\/07\/1707_garten02-225x300.jpg 225w, https:\/\/brittas-kochbuch.info\/wp-content\/uploads\/2017\/07\/1707_garten02-624x832.jpg 624w\" sizes=\"(max-width: 250px) 100vw, 250px\" \/><\/p>\n<p>&nbsp;<\/p>\n<p>Apropos Himbeere: \u00a0So langsam lassen sich hier ein paar rote Fr\u00fcchten sehen. Allerdings wird die Ernte wohl nicht mal f\u00fcr ein Glas Marmelade reichen.<\/p>\n<p>Ergo: von solchen Pflanzen m\u00fcssen mindestens zwei oder drei her. Min &#8211; des &#8211; tens!<\/p>\n<p>&nbsp;<\/p>\n<p>&nbsp;<\/p>\n<p>&nbsp;<\/p>\n<p><img loading=\"lazy\" decoding=\"async\" class=\" wp-image-8871 alignleft\" src=\"https:\/\/brittas-kochbuch.info\/wp-content\/uploads\/2017\/07\/1707_garten04-768x1024.jpg\" alt=\"\" width=\"250\" height=\"334\" srcset=\"https:\/\/brittas-kochbuch.info\/wp-content\/uploads\/2017\/07\/1707_garten04-768x1024.jpg 768w, https:\/\/brittas-kochbuch.info\/wp-content\/uploads\/2017\/07\/1707_garten04-225x300.jpg 225w, https:\/\/brittas-kochbuch.info\/wp-content\/uploads\/2017\/07\/1707_garten04-624x832.jpg 624w\" sizes=\"(max-width: 250px) 100vw, 250px\" \/><\/p>\n<p>Ganz pr\u00e4chtig entwickelt haben sich auch die drei Bohnenkerne, die mir <a href=\"https:\/\/giftigeblonde.wordpress.com\" target=\"_blank\" rel=\"noopener\">Sina, die Giftigeblonde<\/a>, letztes Jahr geschickt hat. Eigentlich waren es mehr als drei, aber ich habe erst mal nur drei in die Erde gesetzt.<\/p>\n<p>Sie sind inzwischen \u00fcber das Garagendach hinausgewachsen und Bl\u00fcten habe ich auch schon ausgemacht. Man darf gespannt sein.<\/p>\n<p>In diesem Hochbeet, das ebenfalls dieses Jahr entstanden ist, wachsen auch noch jede Menge Erdbeeren &#8211; im Vordergrund zu sehen, sowie jede Menge &#8222;Irgendwas&#8220;. Der G\u00f6Ga hatte alte Saatscheiben mit Salat gefunden und eingesetzt, aber m. E. ist das was zwischen Bohnen und Erdbeeren w\u00e4chst, alles m\u00f6gliche, aber sicher kein Salat. Ich denke, ich werde da mal Tabula rasa machen.<\/p>\n<p><img loading=\"lazy\" decoding=\"async\" class=\"wp-image-8870 alignleft\" src=\"https:\/\/brittas-kochbuch.info\/wp-content\/uploads\/2017\/07\/1707_garten05-768x1024.jpg\" alt=\"\" width=\"250\" height=\"333\" srcset=\"https:\/\/brittas-kochbuch.info\/wp-content\/uploads\/2017\/07\/1707_garten05-768x1024.jpg 768w, https:\/\/brittas-kochbuch.info\/wp-content\/uploads\/2017\/07\/1707_garten05-225x300.jpg 225w, https:\/\/brittas-kochbuch.info\/wp-content\/uploads\/2017\/07\/1707_garten05-624x832.jpg 624w\" sizes=\"(max-width: 250px) 100vw, 250px\" \/><\/p>\n<p>&nbsp;<\/p>\n<p>Last, but not least: die Tomaten. Bei den beiden linken Pflanzen sind die ersten &#8211; noch gr\u00fcnen &#8211; Fr\u00fcchte zu sehen, aber die rechte Pflanze ist von Anfang an recht mickrig geblieben und hat nun auch unten gelbe Bl\u00e4tter.<\/p>\n<p>Sie werden jetzt mal eine extra Tomatend\u00fcngerkur erhalten, und ich werde Triebe herausschneiden, die keine Fr\u00fcchte bzw. noch Bl\u00fctennachwuchs tragen, etwas ausd\u00fcnnen. Das habe ich letztes Jahr auch so gemacht und hat dem Wachstum und dem sanften Err\u00f6ten der Fr\u00fcchte sehr gut getan.<\/p>\n<p>Wir planen \u00fcbrigens in einem bisher brach liegenden Teil des Gartens noch ein weiteres ebenerdiges Gem\u00fcsebeet anzulegen. Dort sollen auch \u00a0noch ein oder zwei Spaliere hinein, an denen n\u00e4chstes Jahr dann Bohnen, Zucchini, Gurken und Erbsen ranken sollen. Dann gibt es n\u00e4chstes Jahr noch mehr aus dem Garten zu berichten, zu ernten und zu kochen.<\/p>\n<p>So, das war der monatliche Rundgang durch den Garten. Jetzt wird wieder gekocht!<\/p>\n","protected":false},"excerpt":{"rendered":"<p>Das Bild aus dem Soest-Kalender des Sch\u00fclerprojekts Aldesign des Aldegrevergymnasiums finde ich sehr bemerkenswert. Die Villa Jakobi beherbergt heute eine Steuerberatungskanzlei und war fr\u00fcher Teil des Kleinbahnhofs von dem der sogenannte Pengel-Anton (eine dampflokbetriebene Kleinbahn) in Richtung Sauerland fuhr. Heute ist die ehemalige Kleinbahnstrecke weitestgehend ein Radweg, der von Soest bis Brilon f\u00fchrt. Im Garten [&hellip;]<\/p>\n","protected":false},"author":1,"featured_media":0,"comment_status":"open","ping_status":"open","sticky":false,"template":"","format":"standard","meta":{"sfsi_plus_gutenberg_text_before_share":"","sfsi_plus_gutenberg_show_text_before_share":"","sfsi_plus_gutenberg_icon_type":"","sfsi_plus_gutenberg_icon_alignemt":"","sfsi_plus_gutenburg_max_per_row":"","_jetpack_memberships_contains_paid_content":false,"footnotes":""},"categories":[91,90],"tags":[151,85,1752,1750,1126,4,1751,115,275,118,1307,27,190],"class_list":["post-8858","post","type-post","status-publish","format-standard","hentry","category-aus-dem-garten","category-obst-und-gemuse","tag-bohnen","tag-chili","tag-diverse-kraeuter","tag-gartenrundgang","tag-gurken","tag-himbeere","tag-juli-2017","tag-kartoffeln","tag-paprika","tag-salat","tag-suesskartoffel","tag-tomaten","tag-zucchini"],"jetpack_featured_media_url":"","jetpack_sharing_enabled":true,"_links":{"self":[{"href":"https:\/\/brittas-kochbuch.info\/index.php?rest_route=\/wp\/v2\/posts\/8858"}],"collection":[{"href":"https:\/\/brittas-kochbuch.info\/index.php?rest_route=\/wp\/v2\/posts"}],"about":[{"href":"https:\/\/brittas-kochbuch.info\/index.php?rest_route=\/wp\/v2\/types\/post"}],"author":[{"embeddable":true,"href":"https:\/\/brittas-kochbuch.info\/index.php?rest_route=\/wp\/v2\/users\/1"}],"replies":[{"embeddable":true,"href":"https:\/\/brittas-kochbuch.info\/index.php?rest_route=%2Fwp%2Fv2%2Fcomments&post=8858"}],"version-history":[{"count":42,"href":"https:\/\/brittas-kochbuch.info\/index.php?rest_route=\/wp\/v2\/posts\/8858\/revisions"}],"predecessor-version":[{"id":8912,"href":"https:\/\/brittas-kochbuch.info\/index.php?rest_route=\/wp\/v2\/posts\/8858\/revisions\/8912"}],"wp:attachment":[{"href":"https:\/\/brittas-kochbuch.info\/index.php?rest_route=%2Fwp%2Fv2%2Fmedia&parent=8858"}],"wp:term":[{"taxonomy":"category","embeddable":true,"href":"https:\/\/brittas-kochbuch.info\/index.php?rest_route=%2Fwp%2Fv2%2Fcategories&post=8858"},{"taxonomy":"post_tag","embeddable":true,"href":"https:\/\/brittas-kochbuch.info\/index.php?rest_route=%2Fwp%2Fv2%2Ftags&post=8858"}],"curies":[{"name":"wp","href":"https:\/\/api.w.org\/{rel}","templated":true}]}}