{"id":9545,"date":"2017-09-04T17:05:56","date_gmt":"2017-09-04T15:05:56","guid":{"rendered":"http:\/\/brittas-kochbuch.info\/?p=9545"},"modified":"2017-09-06T10:57:20","modified_gmt":"2017-09-06T08:57:20","slug":"der-september-ist-da-und-wir-schauen-wieder-in-den-garten","status":"publish","type":"post","link":"https:\/\/brittas-kochbuch.info\/?p=9545","title":{"rendered":"Der September ist da &#8211; und wir schauen wieder in den Garten"},"content":{"rendered":"<p><img loading=\"lazy\" decoding=\"async\" class=\"aligncenter wp-image-9553\" src=\"https:\/\/brittas-kochbuch.info\/wp-content\/uploads\/2017\/09\/kalenderblatt09-1024x1011.jpg\" alt=\"\" width=\"555\" height=\"548\" srcset=\"https:\/\/brittas-kochbuch.info\/wp-content\/uploads\/2017\/09\/kalenderblatt09-1024x1011.jpg 1024w, https:\/\/brittas-kochbuch.info\/wp-content\/uploads\/2017\/09\/kalenderblatt09-300x296.jpg 300w, https:\/\/brittas-kochbuch.info\/wp-content\/uploads\/2017\/09\/kalenderblatt09-768x758.jpg 768w, https:\/\/brittas-kochbuch.info\/wp-content\/uploads\/2017\/09\/kalenderblatt09-624x616.jpg 624w\" sizes=\"(max-width: 555px) 100vw, 555px\" \/><\/p>\n<p>Das Kalenderbild ist nat\u00fcrlich auch wieder aus dem sch\u00f6nen Soest-Kalender des Sch\u00fclerprojekts <a href=\"http:\/\/alde-sign.de\" target=\"_blank\" rel=\"noopener\">Aldesign<\/a>. Die B\u00e4ume rund um den Gro\u00dfen Teich fangen schon an, sich herbstlich zu f\u00e4rben. Im Hintergrund sieht man die T\u00fcrme des Doms (links) und der Petrikirche.<\/p>\n<p>Kurios ist das Boot auf dem gro\u00dfen Teich, in dem Der Dicke Mann sitzt. Dieser sitzt n\u00e4mlich eigentlich im Theodor-Heuss-Park von dem aus wir auf die Szenerie blicken.<\/p>\n<p>Es ist ja inzwischen schon gute Tradition geworden, also bitte ich Euch, mir in den Garten zu folgen:<\/p>\n<p><!--more--><\/p>\n<p><img loading=\"lazy\" decoding=\"async\" class=\"alignleft wp-image-9556\" src=\"https:\/\/brittas-kochbuch.info\/wp-content\/uploads\/2017\/09\/170821_gartentor-768x1024.jpg\" alt=\"\" width=\"250\" height=\"333\" srcset=\"https:\/\/brittas-kochbuch.info\/wp-content\/uploads\/2017\/09\/170821_gartentor-768x1024.jpg 768w, https:\/\/brittas-kochbuch.info\/wp-content\/uploads\/2017\/09\/170821_gartentor-225x300.jpg 225w, https:\/\/brittas-kochbuch.info\/wp-content\/uploads\/2017\/09\/170821_gartentor-624x832.jpg 624w\" sizes=\"(max-width: 250px) 100vw, 250px\" \/><\/p>\n<p>&nbsp;<\/p>\n<p>Seit Mitte August haben wir im Rosenbogen ein Gartentor. So gibt es jetzt wenigstens eine optische Barriere zum Garten.<\/p>\n<p>Nachdem der G\u00f6Ga lange hin und her \u00fcberlegte, ob und wie er es befestigen sollte (Einbetonieren war eine letzte Option), hat er sie kurzerhand mit Heringen in den Boden geschlagen und die Seiten gleichzeitig mit einer Art Gewindestange bzw. zwei davon am Rosenbogen befestigt.<\/p>\n<p>&nbsp;<\/p>\n<p><img loading=\"lazy\" decoding=\"async\" class=\"alignleft wp-image-9554\" src=\"https:\/\/brittas-kochbuch.info\/wp-content\/uploads\/2017\/09\/170821_binimgarten-768x1024.jpg\" alt=\"\" width=\"250\" height=\"333\" srcset=\"https:\/\/brittas-kochbuch.info\/wp-content\/uploads\/2017\/09\/170821_binimgarten-768x1024.jpg 768w, https:\/\/brittas-kochbuch.info\/wp-content\/uploads\/2017\/09\/170821_binimgarten-225x300.jpg 225w, https:\/\/brittas-kochbuch.info\/wp-content\/uploads\/2017\/09\/170821_binimgarten-624x832.jpg 624w\" sizes=\"(max-width: 250px) 100vw, 250px\" \/><\/p>\n<p>&nbsp;<\/p>\n<p>Und endlich kommt auch etwas zur Geltung, das ich schon im Mai, w\u00e4hrend meines Aufenthalts beim G\u00f6Ga in Bonn erworben hatte: Das sch\u00f6ne BIN IM GARTEN-Schild.<\/p>\n<p>&nbsp;<\/p>\n<p>&nbsp;<\/p>\n<p>&nbsp;<\/p>\n<p>&nbsp;<\/p>\n<p><img loading=\"lazy\" decoding=\"async\" class=\"alignleft wp-image-9555\" src=\"https:\/\/brittas-kochbuch.info\/wp-content\/uploads\/2017\/09\/170821_echinacea-768x1024.jpg\" alt=\"\" width=\"250\" height=\"333\" srcset=\"https:\/\/brittas-kochbuch.info\/wp-content\/uploads\/2017\/09\/170821_echinacea-768x1024.jpg 768w, https:\/\/brittas-kochbuch.info\/wp-content\/uploads\/2017\/09\/170821_echinacea-225x300.jpg 225w, https:\/\/brittas-kochbuch.info\/wp-content\/uploads\/2017\/09\/170821_echinacea-624x832.jpg 624w\" sizes=\"(max-width: 250px) 100vw, 250px\" \/><\/p>\n<p>&nbsp;<\/p>\n<p>Nachdem die Blumen im Vorgarten inzwischen alle verbl\u00fcht sind, haben wir noch mal Farbe mit einer sch\u00f6nen <a href=\"https:\/\/de.wikipedia.org\/wiki\/Sonnenh\u00fcte_%28Echinacea%29\" target=\"_blank\" rel=\"noopener\">Echinacea aka Sonnenhut<\/a> hinein gebracht.<\/p>\n<p>Der Plan ist, dass sp\u00e4testens n\u00e4chstes Jahr alles so dicht w\u00e4chst, dass Unkraut keine Chance mehr hat.<\/p>\n<p>&nbsp;<\/p>\n<p>&nbsp;<\/p>\n<p>&nbsp;<\/p>\n<p><img loading=\"lazy\" decoding=\"async\" class=\"alignleft wp-image-9557\" src=\"https:\/\/brittas-kochbuch.info\/wp-content\/uploads\/2017\/09\/170821_hortensie-768x1024.jpg\" alt=\"\" width=\"250\" height=\"333\" srcset=\"https:\/\/brittas-kochbuch.info\/wp-content\/uploads\/2017\/09\/170821_hortensie-768x1024.jpg 768w, https:\/\/brittas-kochbuch.info\/wp-content\/uploads\/2017\/09\/170821_hortensie-225x300.jpg 225w, https:\/\/brittas-kochbuch.info\/wp-content\/uploads\/2017\/09\/170821_hortensie-624x832.jpg 624w\" sizes=\"(max-width: 250px) 100vw, 250px\" \/><\/p>\n<p>&nbsp;<\/p>\n<p>Ebenfalls in den Einkaufswagen durfte eine neue Hortensie f\u00fcr die Giebelwand sowie ein Tray verschiedene <a href=\"https:\/\/de.wikipedia.org\/wiki\/Hauswurzen\" target=\"_blank\" rel=\"noopener\">Hauswurzpflanzen (Sempervivum)<\/a> und ein paar Gem\u00fcsepflanzen, doch dazu weiter unten.<\/p>\n<p>&nbsp;<\/p>\n<p>&nbsp;<\/p>\n<p>&nbsp;<\/p>\n<p><img loading=\"lazy\" decoding=\"async\" class=\"alignleft wp-image-9559\" src=\"https:\/\/brittas-kochbuch.info\/wp-content\/uploads\/2017\/09\/170821_sempervivumtopf-1024x455.jpg\" alt=\"\" width=\"400\" height=\"178\" srcset=\"https:\/\/brittas-kochbuch.info\/wp-content\/uploads\/2017\/09\/170821_sempervivumtopf-1024x455.jpg 1024w, https:\/\/brittas-kochbuch.info\/wp-content\/uploads\/2017\/09\/170821_sempervivumtopf-300x133.jpg 300w, https:\/\/brittas-kochbuch.info\/wp-content\/uploads\/2017\/09\/170821_sempervivumtopf-768x341.jpg 768w, https:\/\/brittas-kochbuch.info\/wp-content\/uploads\/2017\/09\/170821_sempervivumtopf-624x277.jpg 624w\" sizes=\"(max-width: 400px) 100vw, 400px\" \/><\/p>\n<p>&nbsp;<\/p>\n<p>Einen Teil der Semperviva habe ich in meinen selbst get\u00f6pferten Blumentopf in eine Mischung aus Gartenerde und Sand gepflanzt. Es gef\u00e4llt mir ganz gut.<\/p>\n<p>&nbsp;<\/p>\n<p><img loading=\"lazy\" decoding=\"async\" class=\"alignleft wp-image-9558\" src=\"https:\/\/brittas-kochbuch.info\/wp-content\/uploads\/2017\/09\/170821_korb-1024x768.jpg\" alt=\"\" width=\"250\" height=\"188\" srcset=\"https:\/\/brittas-kochbuch.info\/wp-content\/uploads\/2017\/09\/170821_korb-1024x768.jpg 1024w, https:\/\/brittas-kochbuch.info\/wp-content\/uploads\/2017\/09\/170821_korb-300x225.jpg 300w, https:\/\/brittas-kochbuch.info\/wp-content\/uploads\/2017\/09\/170821_korb-768x576.jpg 768w, https:\/\/brittas-kochbuch.info\/wp-content\/uploads\/2017\/09\/170821_korb-624x468.jpg 624w\" sizes=\"(max-width: 250px) 100vw, 250px\" \/><\/p>\n<p>&nbsp;<\/p>\n<p>Ein paar Hauswurzpflanzen waren \u00fcbrig geblieben, die ich mit der selben Subtratmischung in dieses wei\u00dfe K\u00f6rbchen setzte. In der Mitte steckt eine Hortensienbl\u00fchte, weil es dann doch nicht mehr ganz reichte mit den Hauswurzpflanzen.<\/p>\n<p>&nbsp;<\/p>\n<p><img loading=\"lazy\" decoding=\"async\" class=\" wp-image-9588 alignleft\" src=\"https:\/\/brittas-kochbuch.info\/wp-content\/uploads\/2017\/09\/170902_kohlgemuese-768x1024.jpg\" alt=\"\" width=\"250\" height=\"333\" srcset=\"https:\/\/brittas-kochbuch.info\/wp-content\/uploads\/2017\/09\/170902_kohlgemuese-768x1024.jpg 768w, https:\/\/brittas-kochbuch.info\/wp-content\/uploads\/2017\/09\/170902_kohlgemuese-225x300.jpg 225w, https:\/\/brittas-kochbuch.info\/wp-content\/uploads\/2017\/09\/170902_kohlgemuese-624x832.jpg 624w\" sizes=\"(max-width: 250px) 100vw, 250px\" \/><\/p>\n<p>&nbsp;<\/p>\n<p>Wie ich Euch ja <a href=\"https:\/\/brittas-kochbuch.info\/?p=9460\">hier<\/a> schon erz\u00e4hlt habe, hatte ich nach der Kartoffelernte Kohlpflanzen ins Hochbeet gesetzt, die in der kurzen Zeit schon ganz sch\u00f6n gewachsen sind.<\/p>\n<p>&nbsp;<\/p>\n<p>&nbsp;<\/p>\n<p>&nbsp;<\/p>\n<p>&nbsp;<\/p>\n<p><img loading=\"lazy\" decoding=\"async\" class=\"alignleft wp-image-9548\" src=\"https:\/\/brittas-kochbuch.info\/wp-content\/uploads\/2017\/09\/170902_feldsalat-1024x768.jpg\" alt=\"\" width=\"250\" height=\"188\" srcset=\"https:\/\/brittas-kochbuch.info\/wp-content\/uploads\/2017\/09\/170902_feldsalat-1024x768.jpg 1024w, https:\/\/brittas-kochbuch.info\/wp-content\/uploads\/2017\/09\/170902_feldsalat-300x225.jpg 300w, https:\/\/brittas-kochbuch.info\/wp-content\/uploads\/2017\/09\/170902_feldsalat-768x576.jpg 768w, https:\/\/brittas-kochbuch.info\/wp-content\/uploads\/2017\/09\/170902_feldsalat-624x468.jpg 624w\" sizes=\"(max-width: 250px) 100vw, 250px\" \/><\/p>\n<p>&nbsp;<\/p>\n<p>Und der Feldsalat, den ich gleichzeitig mit den Kohlpflanzen ausges\u00e4t hatte, f\u00e4ngt auch langsam an zu sprie\u00dfen.<\/p>\n<p>&nbsp;<\/p>\n<p>&nbsp;<\/p>\n<p><img loading=\"lazy\" decoding=\"async\" class=\" wp-image-9549 alignleft\" src=\"https:\/\/brittas-kochbuch.info\/wp-content\/uploads\/2017\/09\/170902_sonnenblume-768x1024.jpg\" alt=\"\" width=\"250\" height=\"333\" srcset=\"https:\/\/brittas-kochbuch.info\/wp-content\/uploads\/2017\/09\/170902_sonnenblume-768x1024.jpg 768w, https:\/\/brittas-kochbuch.info\/wp-content\/uploads\/2017\/09\/170902_sonnenblume-225x300.jpg 225w, https:\/\/brittas-kochbuch.info\/wp-content\/uploads\/2017\/09\/170902_sonnenblume-624x832.jpg 624w\" sizes=\"(max-width: 250px) 100vw, 250px\" \/><\/p>\n<p>&nbsp;<\/p>\n<p>Die zweite Sonnenblume ist inzwischen auch voll erbl\u00fcht. Leider sind die Samen ein wenig zu sp\u00e4t in die Erde gekommen, aber sie leuchten trotzdem als herrlicher Farbklecks in unserer &#8222;gr\u00fcnen H\u00f6lle&#8220;.<\/p>\n<p>&nbsp;<\/p>\n<p>&nbsp;<\/p>\n<p>&nbsp;<\/p>\n<p>&nbsp;<\/p>\n<p><img loading=\"lazy\" decoding=\"async\" class=\"wp-image-9560 alignleft\" src=\"https:\/\/brittas-kochbuch.info\/wp-content\/uploads\/2017\/09\/170902_bohnenernte-768x1024.jpg\" alt=\"\" width=\"250\" height=\"333\" srcset=\"https:\/\/brittas-kochbuch.info\/wp-content\/uploads\/2017\/09\/170902_bohnenernte-768x1024.jpg 768w, https:\/\/brittas-kochbuch.info\/wp-content\/uploads\/2017\/09\/170902_bohnenernte-225x300.jpg 225w, https:\/\/brittas-kochbuch.info\/wp-content\/uploads\/2017\/09\/170902_bohnenernte-624x832.jpg 624w\" sizes=\"(max-width: 250px) 100vw, 250px\" \/><\/p>\n<p>&nbsp;<\/p>\n<p>Gestern haben wir die wahrscheinlich letzten Bohnen geerntet. Es sind zwar noch ein paar an den Ranken und auch ein paar Bl\u00fcten gibt es noch.<\/p>\n<p>Zwei Chilis konnte ich auch noch einpacken und die beiden gr\u00fcnen Tomaten habe ich versehentlich abgeschnitten. Nun liegen sie zusammen mit einem Apfel in einer Schale in der K\u00fcche.<\/p>\n<p>\u00c4pfel gasen das Phytohormon Ethen (\u00c4then, Ethylen oder \u00c4thylen) aus, das anderes Obst schneller reifen l\u00e4sst.<\/p>\n<p><img loading=\"lazy\" decoding=\"async\" class=\" wp-image-9598 alignleft\" src=\"https:\/\/brittas-kochbuch.info\/wp-content\/uploads\/2017\/09\/170902_bohnenrasur-768x1024.jpg\" alt=\"\" width=\"250\" height=\"333\" srcset=\"https:\/\/brittas-kochbuch.info\/wp-content\/uploads\/2017\/09\/170902_bohnenrasur-768x1024.jpg 768w, https:\/\/brittas-kochbuch.info\/wp-content\/uploads\/2017\/09\/170902_bohnenrasur-225x300.jpg 225w, https:\/\/brittas-kochbuch.info\/wp-content\/uploads\/2017\/09\/170902_bohnenrasur-624x832.jpg 624w\" sizes=\"(max-width: 250px) 100vw, 250px\" \/><\/p>\n<p>&nbsp;<\/p>\n<p>Damit restlichen Bohnen und Bl\u00fcten noch eine Chance haben, zu wachsen und zu reifen, habe ich mal ein bisschen Tabula rasa gemacht und die gro\u00dfen Bl\u00e4tter und Ranken ohne Bohnen oder Bl\u00fcten heraus geschnitten. Vielleicht kann die Herbstsonne so noch besser etwas ausrichten.<\/p>\n<p>&nbsp;<\/p>\n<p>&nbsp;<\/p>\n<p>&nbsp;<\/p>\n<p><img loading=\"lazy\" decoding=\"async\" class=\" wp-image-9599 alignleft\" src=\"https:\/\/brittas-kochbuch.info\/wp-content\/uploads\/2017\/09\/170902_tomaten-768x1024.jpg\" alt=\"\" width=\"250\" height=\"333\" srcset=\"https:\/\/brittas-kochbuch.info\/wp-content\/uploads\/2017\/09\/170902_tomaten-768x1024.jpg 768w, https:\/\/brittas-kochbuch.info\/wp-content\/uploads\/2017\/09\/170902_tomaten-225x300.jpg 225w, https:\/\/brittas-kochbuch.info\/wp-content\/uploads\/2017\/09\/170902_tomaten-624x832.jpg 624w\" sizes=\"(max-width: 250px) 100vw, 250px\" \/><\/p>\n<p>&nbsp;<\/p>\n<p>Die Tomaten h\u00e4ngen immer noch voller gr\u00fcner Fr\u00fcchte und auch ein paar Bl\u00fcten gibt es noch. Hier habe ich ebenfalls beschattenden Bl\u00e4tter weg geschnitten und hoffe sehr, dass die vielen roten Tomaten noch sanft err\u00f6ten werden.<\/p>\n<p>&nbsp;<\/p>\n<p>&nbsp;<\/p>\n<p>&nbsp;<\/p>\n<p>&nbsp;<\/p>\n<p>Die geernteten Bohnen haben der G\u00f6Ga und ich am Folgetag verarbeitet.<\/p>\n<p>&nbsp;<\/p>\n<p>&nbsp;<\/p>\n","protected":false},"excerpt":{"rendered":"<p>Das Kalenderbild ist nat\u00fcrlich auch wieder aus dem sch\u00f6nen Soest-Kalender des Sch\u00fclerprojekts Aldesign. Die B\u00e4ume rund um den Gro\u00dfen Teich fangen schon an, sich herbstlich zu f\u00e4rben. Im Hintergrund sieht man die T\u00fcrme des Doms (links) und der Petrikirche. Kurios ist das Boot auf dem gro\u00dfen Teich, in dem Der Dicke Mann sitzt. Dieser sitzt [&hellip;]<\/p>\n","protected":false},"author":1,"featured_media":0,"comment_status":"open","ping_status":"open","sticky":false,"template":"","format":"standard","meta":{"sfsi_plus_gutenberg_text_before_share":"","sfsi_plus_gutenberg_show_text_before_share":"","sfsi_plus_gutenberg_icon_type":"","sfsi_plus_gutenberg_icon_alignemt":"","sfsi_plus_gutenburg_max_per_row":"","_jetpack_memberships_contains_paid_content":false,"footnotes":""},"categories":[91],"tags":[1821,1878,1822],"class_list":["post-9545","post","type-post","status-publish","format-standard","hentry","category-aus-dem-garten","tag-bericht-aus-dem-garten","tag-september-2017","tag-soestkalender"],"jetpack_featured_media_url":"","jetpack_sharing_enabled":true,"_links":{"self":[{"href":"https:\/\/brittas-kochbuch.info\/index.php?rest_route=\/wp\/v2\/posts\/9545"}],"collection":[{"href":"https:\/\/brittas-kochbuch.info\/index.php?rest_route=\/wp\/v2\/posts"}],"about":[{"href":"https:\/\/brittas-kochbuch.info\/index.php?rest_route=\/wp\/v2\/types\/post"}],"author":[{"embeddable":true,"href":"https:\/\/brittas-kochbuch.info\/index.php?rest_route=\/wp\/v2\/users\/1"}],"replies":[{"embeddable":true,"href":"https:\/\/brittas-kochbuch.info\/index.php?rest_route=%2Fwp%2Fv2%2Fcomments&post=9545"}],"version-history":[{"count":52,"href":"https:\/\/brittas-kochbuch.info\/index.php?rest_route=\/wp\/v2\/posts\/9545\/revisions"}],"predecessor-version":[{"id":9626,"href":"https:\/\/brittas-kochbuch.info\/index.php?rest_route=\/wp\/v2\/posts\/9545\/revisions\/9626"}],"wp:attachment":[{"href":"https:\/\/brittas-kochbuch.info\/index.php?rest_route=%2Fwp%2Fv2%2Fmedia&parent=9545"}],"wp:term":[{"taxonomy":"category","embeddable":true,"href":"https:\/\/brittas-kochbuch.info\/index.php?rest_route=%2Fwp%2Fv2%2Fcategories&post=9545"},{"taxonomy":"post_tag","embeddable":true,"href":"https:\/\/brittas-kochbuch.info\/index.php?rest_route=%2Fwp%2Fv2%2Ftags&post=9545"}],"curies":[{"name":"wp","href":"https:\/\/api.w.org\/{rel}","templated":true}]}}