{"id":9999,"date":"2017-10-07T13:21:10","date_gmt":"2017-10-07T11:21:10","guid":{"rendered":"http:\/\/brittas-kochbuch.info\/?p=9999"},"modified":"2017-10-10T11:46:51","modified_gmt":"2017-10-10T09:46:51","slug":"kochen-im-oktober-mit-gartenbesuchen","status":"publish","type":"post","link":"https:\/\/brittas-kochbuch.info\/?p=9999","title":{"rendered":"Kochen im Oktober mit Gartenbesuchen"},"content":{"rendered":"<p><img loading=\"lazy\" decoding=\"async\" class=\"aligncenter wp-image-9968\" src=\"https:\/\/brittas-kochbuch.info\/wp-content\/uploads\/2017\/10\/1710_kalenderblatt-1009x1024.jpg\" alt=\"\" width=\"547\" height=\"555\" srcset=\"https:\/\/brittas-kochbuch.info\/wp-content\/uploads\/2017\/10\/1710_kalenderblatt-1009x1024.jpg 1009w, https:\/\/brittas-kochbuch.info\/wp-content\/uploads\/2017\/10\/1710_kalenderblatt-296x300.jpg 296w, https:\/\/brittas-kochbuch.info\/wp-content\/uploads\/2017\/10\/1710_kalenderblatt-768x779.jpg 768w, https:\/\/brittas-kochbuch.info\/wp-content\/uploads\/2017\/10\/1710_kalenderblatt-624x633.jpg 624w\" sizes=\"(max-width: 547px) 100vw, 547px\" \/><\/p>\n<p>Das letzte Viertel des Jahres hat begonnen. Nachdem schon seit Ende August Lebkuchen, Spekulatius und Co. in den L\u00e4den sind, kann man sich jetzt schon mal gaaaanz langsam Gedanken \u00fcber die Weihnachtspl\u00e4tzchen f\u00fcr dieses Jahr machen. Da ich gesundheitlich nicht immer so gut drauf war, hatte ich mir nach einer stressigen Adventszeit im vergangenen Jahr vorgenommen, dieses Jahr beizeiten zu beginnen. Ich \u00fcberlege, mal wieder <a href=\"https:\/\/brittas-kochbuch.info\/?p=2818\">Stollen<\/a> zu backen und diesen als Stollenkonfekt zu verschenken. Na, mal schauen.<\/p>\n<p>Das Kalenderblatt stammt, wie das ganze Jahr aus dem Soest-Kalender des Sch\u00fclerprojekts <a href=\"http:\/\/alde-sign.de\" target=\"_blank\" rel=\"noopener\">Aldesign<\/a>. Neben dem Soester Schl\u00fcssel sind auch hier typische Stadtansichten dargestellt.<\/p>\n<p>oben von links nach rechts: Alt Sankt Thom\u00e4, auch &#8222;schiefer Turm&#8220; genannt; Sankt Peter, die Petrikirche; das Stadtwappen, der Schl\u00fcssel<\/p>\n<p>davor von links; Rathaus; Sankt Patroklus; der Dom; Kattenturm, letzter erhaltener Wachturm der Wallanlage<\/p>\n<p><!--more-->Wie immer nehme ich Euch noch mal auf einen R\u00fcckblick in den Garten mit. Langsam lichten sich die Reihen:<\/p>\n<p><img loading=\"lazy\" decoding=\"async\" class=\"alignleft size-medium wp-image-9829\" src=\"https:\/\/brittas-kochbuch.info\/wp-content\/uploads\/2017\/09\/170917_tomaten-aepfel-bohnen-300x225.jpg\" alt=\"\" width=\"300\" height=\"225\" srcset=\"https:\/\/brittas-kochbuch.info\/wp-content\/uploads\/2017\/09\/170917_tomaten-aepfel-bohnen-300x225.jpg 300w, https:\/\/brittas-kochbuch.info\/wp-content\/uploads\/2017\/09\/170917_tomaten-aepfel-bohnen-768x576.jpg 768w, https:\/\/brittas-kochbuch.info\/wp-content\/uploads\/2017\/09\/170917_tomaten-aepfel-bohnen-1024x768.jpg 1024w, https:\/\/brittas-kochbuch.info\/wp-content\/uploads\/2017\/09\/170917_tomaten-aepfel-bohnen-624x468.jpg 624w\" sizes=\"(max-width: 300px) 100vw, 300px\" \/><\/p>\n<p>\u00c4pfel, die wirklich allerletzten Bohnen und die &#8211; leider gr\u00fcnen &#8211; Tomaten wurden geerntet. Das Wetter sah leider schon Mitte bis Ende September schon nicht mehr so aus, als k\u00f6nnten sie den Tomaten noch zu einem letzten Wachstums- und Err\u00f6tungsschub verhelfen.<\/p>\n<p><img loading=\"lazy\" decoding=\"async\" class=\"alignleft size-medium wp-image-9830\" src=\"https:\/\/brittas-kochbuch.info\/wp-content\/uploads\/2017\/09\/170917_tomaten-aepfel-300x300.jpg\" alt=\"\" width=\"300\" height=\"300\" srcset=\"https:\/\/brittas-kochbuch.info\/wp-content\/uploads\/2017\/09\/170917_tomaten-aepfel-300x300.jpg 300w, https:\/\/brittas-kochbuch.info\/wp-content\/uploads\/2017\/09\/170917_tomaten-aepfel-150x150.jpg 150w, https:\/\/brittas-kochbuch.info\/wp-content\/uploads\/2017\/09\/170917_tomaten-aepfel-768x768.jpg 768w, https:\/\/brittas-kochbuch.info\/wp-content\/uploads\/2017\/09\/170917_tomaten-aepfel-1024x1024.jpg 1024w, https:\/\/brittas-kochbuch.info\/wp-content\/uploads\/2017\/09\/170917_tomaten-aepfel-624x624.jpg 624w\" sizes=\"(max-width: 300px) 100vw, 300px\" \/><\/p>\n<p>&nbsp;<\/p>\n<p>Dieses Jahr hatte ich \u00fcberhaupt etwas Pech mit den Tomaten. Nicht viele Fr\u00fcchte an drei Pflanzen (was m. E. daran lag, dass der G\u00f6Ga unbedingt ein Plastikgew\u00e4chshaus dar\u00fcber\u00a0<span style=\"font-size: 1rem;\">bauen wollte und so die Best\u00e4ubung nicht wirklich geklappt hat), die dann auch nicht wirklich gro\u00df wurden und kaum rot wurden.<\/span><span style=\"font-size: 1rem;\">Die gr\u00fcne Tomaten habe ich mit den \u00c4pfeln in eine Sch\u00fcssel gegeben. Da \u00c4pfel das Reifegas Ethylen ausd\u00fcnsten, sollte das wohl klappen.<\/span><\/p>\n<p><img loading=\"lazy\" decoding=\"async\" class=\"alignleft size-medium wp-image-9972\" src=\"https:\/\/brittas-kochbuch.info\/wp-content\/uploads\/2017\/10\/170924_minze-trocken-300x225.jpg\" alt=\"\" width=\"300\" height=\"225\" srcset=\"https:\/\/brittas-kochbuch.info\/wp-content\/uploads\/2017\/10\/170924_minze-trocken-300x225.jpg 300w, https:\/\/brittas-kochbuch.info\/wp-content\/uploads\/2017\/10\/170924_minze-trocken-768x576.jpg 768w, https:\/\/brittas-kochbuch.info\/wp-content\/uploads\/2017\/10\/170924_minze-trocken-1024x768.jpg 1024w, https:\/\/brittas-kochbuch.info\/wp-content\/uploads\/2017\/10\/170924_minze-trocken-624x468.jpg 624w\" sizes=\"(max-width: 300px) 100vw, 300px\" \/><\/p>\n<p>&nbsp;<\/p>\n<p>Stellvertretend f\u00fcr die ganzen Kr\u00e4uter, die ich zum Trocknen Ende September geerntet hatte (Thymian, Salbei, Oregano, Majoran, Basilikum), zeige ich hier mal die Minze, die in rauen Mengen im Garten w\u00e4chst und die ich f\u00fcr Tee getrocknet und verpackt habe.<\/p>\n<p>&nbsp;<\/p>\n<p>&nbsp;<\/p>\n<p><img loading=\"lazy\" decoding=\"async\" class=\"alignleft size-medium wp-image-9973\" src=\"https:\/\/brittas-kochbuch.info\/wp-content\/uploads\/2017\/10\/170924_minztee-225x300.jpg\" alt=\"\" width=\"225\" height=\"300\" srcset=\"https:\/\/brittas-kochbuch.info\/wp-content\/uploads\/2017\/10\/170924_minztee-225x300.jpg 225w, https:\/\/brittas-kochbuch.info\/wp-content\/uploads\/2017\/10\/170924_minztee-768x1024.jpg 768w, https:\/\/brittas-kochbuch.info\/wp-content\/uploads\/2017\/10\/170924_minztee-624x832.jpg 624w\" sizes=\"(max-width: 225px) 100vw, 225px\" \/><\/p>\n<p>Ich hatte mir bei <a href=\"https:\/\/www.glaeserundflaschen.de\/\" target=\"_blank\" rel=\"noopener\">Gl\u00e4ser und Flaschen<\/a> diese Tiegel in zwei verschiedenen Gr\u00f6\u00dfen bestellt, damit die getrockneten Kr\u00e4uter auch sch\u00f6n dunkel gelagert werden k\u00f6nnen.<\/p>\n<p>&nbsp;<\/p>\n<p>&nbsp;<\/p>\n<p>&nbsp;<\/p>\n<p>&nbsp;<\/p>\n<p>&nbsp;<\/p>\n<p><img loading=\"lazy\" decoding=\"async\" class=\"alignleft size-medium wp-image-9975\" src=\"https:\/\/brittas-kochbuch.info\/wp-content\/uploads\/2017\/10\/171001_gemuesehochbeet-300x200.jpg\" alt=\"\" width=\"300\" height=\"200\" srcset=\"https:\/\/brittas-kochbuch.info\/wp-content\/uploads\/2017\/10\/171001_gemuesehochbeet-300x200.jpg 300w, https:\/\/brittas-kochbuch.info\/wp-content\/uploads\/2017\/10\/171001_gemuesehochbeet-768x512.jpg 768w, https:\/\/brittas-kochbuch.info\/wp-content\/uploads\/2017\/10\/171001_gemuesehochbeet-1024x683.jpg 1024w, https:\/\/brittas-kochbuch.info\/wp-content\/uploads\/2017\/10\/171001_gemuesehochbeet-624x416.jpg 624w\" sizes=\"(max-width: 300px) 100vw, 300px\" \/><\/p>\n<p>Die Kohlpflanzen sind im wahrsten Sinne des Wortes schon m\u00e4chtig ins Kraut geschossen. Zwei Blumenkohle haben bereits kleine K\u00f6pfe angesetzt, die aber m. E. nicht wirklich gro\u00dfartig gewachsen sind. Beim Rotkohl sind noch gar keine K\u00f6pfe zu sehen. Nur vom Gr\u00fcnkohl k\u00f6nnten wir im Prinzip schon essen.<\/p>\n<p>Der G\u00f6Ga sucht nach Rotkohlk\u00f6pfen.<\/p>\n<p><img loading=\"lazy\" decoding=\"async\" class=\"alignleft size-medium wp-image-9977\" src=\"https:\/\/brittas-kochbuch.info\/wp-content\/uploads\/2017\/10\/171001_hortensie02-300x225.jpg\" alt=\"\" width=\"300\" height=\"225\" srcset=\"https:\/\/brittas-kochbuch.info\/wp-content\/uploads\/2017\/10\/171001_hortensie02-300x225.jpg 300w, https:\/\/brittas-kochbuch.info\/wp-content\/uploads\/2017\/10\/171001_hortensie02-768x576.jpg 768w, https:\/\/brittas-kochbuch.info\/wp-content\/uploads\/2017\/10\/171001_hortensie02-1024x768.jpg 1024w, https:\/\/brittas-kochbuch.info\/wp-content\/uploads\/2017\/10\/171001_hortensie02-624x468.jpg 624w\" sizes=\"(max-width: 300px) 100vw, 300px\" \/><\/p>\n<p>Ich freue mich, dass die Hortensie, die der G\u00f6Ga im vergangenen Herbst f\u00e4lschlicherweise zur\u00fcck geschnitten hatte und die zudem auch noch im sp\u00e4ten Aprilfrost leichten Schaden (braune Blattr\u00e4nder) genommen hatten, doch noch wieder zur Bl\u00fcte gekommen ist. Nicht so \u00fcppig, wie die Jahre davor, aber immerhin ist sie nicht hin\u00fcber, wie zun\u00e4chst bef\u00fcrchtet.\u00a0\u00dcberhaupt haben dieses Jahr alle Hortensien zaghaft gebl\u00fcht. Sie sind halt noch so klein.<\/p>\n<p><img loading=\"lazy\" decoding=\"async\" class=\"alignleft size-medium wp-image-9976\" src=\"https:\/\/brittas-kochbuch.info\/wp-content\/uploads\/2017\/10\/171001_hortensie01-225x300.jpg\" alt=\"\" width=\"225\" height=\"300\" srcset=\"https:\/\/brittas-kochbuch.info\/wp-content\/uploads\/2017\/10\/171001_hortensie01-225x300.jpg 225w, https:\/\/brittas-kochbuch.info\/wp-content\/uploads\/2017\/10\/171001_hortensie01-768x1024.jpg 768w, https:\/\/brittas-kochbuch.info\/wp-content\/uploads\/2017\/10\/171001_hortensie01-624x832.jpg 624w\" sizes=\"(max-width: 225px) 100vw, 225px\" \/><\/p>\n<p>Das Beet an der Giebelwand musste sich leider seit dem letzten Jahr doch wieder dem &#8222;Wildkraut&#8220; ergeben, aber es ist eine weitere wundersch\u00f6ne Hortensie dazu gekommen, der Farn ist sch\u00f6n gewachsen und ganz hinten, vor dem Weidezaun&#8230;<\/p>\n<p>&nbsp;<\/p>\n<p>&nbsp;<\/p>\n<p>&nbsp;<\/p>\n<p>&nbsp;<\/p>\n<p><a href=\"https:\/\/brittas-kochbuch.info\/wp-content\/uploads\/2017\/10\/171001_hostabluete.jpg\"><img loading=\"lazy\" decoding=\"async\" class=\"alignleft size-medium wp-image-9978\" src=\"https:\/\/brittas-kochbuch.info\/wp-content\/uploads\/2017\/10\/171001_hostabluete-225x300.jpg\" alt=\"\" width=\"225\" height=\"300\" srcset=\"https:\/\/brittas-kochbuch.info\/wp-content\/uploads\/2017\/10\/171001_hostabluete-225x300.jpg 225w, https:\/\/brittas-kochbuch.info\/wp-content\/uploads\/2017\/10\/171001_hostabluete-768x1024.jpg 768w, https:\/\/brittas-kochbuch.info\/wp-content\/uploads\/2017\/10\/171001_hostabluete-624x832.jpg 624w\" sizes=\"(max-width: 225px) 100vw, 225px\" \/><\/a><\/p>\n<p>&#8230; ist noch eine Hosta aka Funkie dazu gekommen.<\/p>\n<p>Ich mag diese Schattenpflanzen mit dem unterschiedlichen Blattwerk sehr und unser Neuzugang scheint sich so wohl zu f\u00fchlen, dass er gleich zwei neue Bl\u00fcten produziert hat.<\/p>\n<p>&nbsp;<\/p>\n<p>&nbsp;<\/p>\n<p>&nbsp;<\/p>\n<p>&nbsp;<\/p>\n<p><img loading=\"lazy\" decoding=\"async\" class=\"alignleft size-medium wp-image-9979\" src=\"https:\/\/brittas-kochbuch.info\/wp-content\/uploads\/2017\/10\/171001_sonnenblume-225x300.jpg\" alt=\"\" width=\"225\" height=\"300\" srcset=\"https:\/\/brittas-kochbuch.info\/wp-content\/uploads\/2017\/10\/171001_sonnenblume-225x300.jpg 225w, https:\/\/brittas-kochbuch.info\/wp-content\/uploads\/2017\/10\/171001_sonnenblume-768x1024.jpg 768w, https:\/\/brittas-kochbuch.info\/wp-content\/uploads\/2017\/10\/171001_sonnenblume-624x832.jpg 624w\" sizes=\"(max-width: 225px) 100vw, 225px\" \/><\/p>\n<p>Die Sonnenblumen hat es leider bei einem der ersten Herbstst\u00fcrme Ende September komplett umgehauen, so dass ich dieses h\u00fcbsche Exemplar f\u00fcr das Portraitfoto etwas st\u00fctzen musste. Im kommenden Jahr m\u00fcssen sie unbedingt an einer windgesch\u00fctzteren Stelle ausges\u00e4t werden.<\/p>\n<p>&nbsp;<\/p>\n<p>&nbsp;<\/p>\n<p>&nbsp;<\/p>\n<p>&nbsp;<\/p>\n<p><img loading=\"lazy\" decoding=\"async\" class=\"alignleft size-medium wp-image-10067\" src=\"https:\/\/brittas-kochbuch.info\/wp-content\/uploads\/2017\/10\/171006_tomatenaepfel-300x225.jpg\" alt=\"\" width=\"300\" height=\"225\" srcset=\"https:\/\/brittas-kochbuch.info\/wp-content\/uploads\/2017\/10\/171006_tomatenaepfel-300x225.jpg 300w, https:\/\/brittas-kochbuch.info\/wp-content\/uploads\/2017\/10\/171006_tomatenaepfel-768x576.jpg 768w, https:\/\/brittas-kochbuch.info\/wp-content\/uploads\/2017\/10\/171006_tomatenaepfel-1024x768.jpg 1024w, https:\/\/brittas-kochbuch.info\/wp-content\/uploads\/2017\/10\/171006_tomatenaepfel-624x468.jpg 624w\" sizes=\"(max-width: 300px) 100vw, 300px\" \/><\/p>\n<p>Etwa nach drei Wochen Gemeinsamkeit mit den \u00c4pfeln sind die Tomaten sch\u00f6n rot geworden.<\/p>\n","protected":false},"excerpt":{"rendered":"<p>Das letzte Viertel des Jahres hat begonnen. Nachdem schon seit Ende August Lebkuchen, Spekulatius und Co. in den L\u00e4den sind, kann man sich jetzt schon mal gaaaanz langsam Gedanken \u00fcber die Weihnachtspl\u00e4tzchen f\u00fcr dieses Jahr machen. Da ich gesundheitlich nicht immer so gut drauf war, hatte ich mir nach einer stressigen Adventszeit im vergangenen Jahr [&hellip;]<\/p>\n","protected":false},"author":1,"featured_media":0,"comment_status":"open","ping_status":"open","sticky":false,"template":"","format":"standard","meta":{"sfsi_plus_gutenberg_text_before_share":"","sfsi_plus_gutenberg_show_text_before_share":"","sfsi_plus_gutenberg_icon_type":"","sfsi_plus_gutenberg_icon_alignemt":"","sfsi_plus_gutenburg_max_per_row":"","_jetpack_memberships_contains_paid_content":false,"footnotes":""},"categories":[91],"tags":[1821,1909,1822],"class_list":["post-9999","post","type-post","status-publish","format-standard","hentry","category-aus-dem-garten","tag-bericht-aus-dem-garten","tag-oktober-2017","tag-soestkalender"],"jetpack_featured_media_url":"","jetpack_sharing_enabled":true,"_links":{"self":[{"href":"https:\/\/brittas-kochbuch.info\/index.php?rest_route=\/wp\/v2\/posts\/9999"}],"collection":[{"href":"https:\/\/brittas-kochbuch.info\/index.php?rest_route=\/wp\/v2\/posts"}],"about":[{"href":"https:\/\/brittas-kochbuch.info\/index.php?rest_route=\/wp\/v2\/types\/post"}],"author":[{"embeddable":true,"href":"https:\/\/brittas-kochbuch.info\/index.php?rest_route=\/wp\/v2\/users\/1"}],"replies":[{"embeddable":true,"href":"https:\/\/brittas-kochbuch.info\/index.php?rest_route=%2Fwp%2Fv2%2Fcomments&post=9999"}],"version-history":[{"count":72,"href":"https:\/\/brittas-kochbuch.info\/index.php?rest_route=\/wp\/v2\/posts\/9999\/revisions"}],"predecessor-version":[{"id":10085,"href":"https:\/\/brittas-kochbuch.info\/index.php?rest_route=\/wp\/v2\/posts\/9999\/revisions\/10085"}],"wp:attachment":[{"href":"https:\/\/brittas-kochbuch.info\/index.php?rest_route=%2Fwp%2Fv2%2Fmedia&parent=9999"}],"wp:term":[{"taxonomy":"category","embeddable":true,"href":"https:\/\/brittas-kochbuch.info\/index.php?rest_route=%2Fwp%2Fv2%2Fcategories&post=9999"},{"taxonomy":"post_tag","embeddable":true,"href":"https:\/\/brittas-kochbuch.info\/index.php?rest_route=%2Fwp%2Fv2%2Ftags&post=9999"}],"curies":[{"name":"wp","href":"https:\/\/api.w.org\/{rel}","templated":true}]}}